{"id":450,"date":"2022-10-13T17:01:32","date_gmt":"2022-10-13T13:01:32","guid":{"rendered":"https:\/\/socialresearchjournal.az\/?p=450"},"modified":"2022-12-09T00:37:16","modified_gmt":"2022-12-08T20:37:16","slug":"450","status":"publish","type":"post","link":"https:\/\/socialresearchjournal.az\/index.php\/2022\/10\/13\/450\/","title":{"rendered":"AZ\u018fRBAYCANIN D\u00d6VL\u018fT\u00c7\u0130L\u0130K TAR\u0130X\u0130ND\u018f  QARABA\u011eDA Z\u018fF\u018fRL\u018f BA\u015eLAYAN YEN\u0130 M\u018fRH\u018fL\u018f:  STRATEJ\u0130 H\u018fD\u018fFL\u018fR, V\u018fZ\u0130F\u018fL\u018fR"},"content":{"rendered":"<p style=\"text-align: right;\"><strong>Zahid ORUC<br \/>\n<\/strong><strong><em>Sosial T\u0259dqiqatlar M\u0259rk\u0259zi \u0130dar\u0259 Hey\u0259tinin s\u0259dri, mill\u0259t v\u0259kili<br \/>\n<\/em><\/strong><strong><em>Bak\u0131, Az\u0259rbaycan<\/em><\/strong><\/p>\n<p style=\"text-align: justify;\"><strong>B\u00d6Y\u00dcK Q\u018fL\u018fB\u018f.<\/strong> M\u00fcst\u0259qil Az\u0259rbaycan \u00f6z milli d\u00f6vl\u0259t quruculu\u011fu tarixinin miqyas v\u0259 d\u0259rinliyi bax\u0131m\u0131ndan g\u00f6r\u00fcnm\u0259mi\u015f, ilk d\u0259f\u0259 ba\u015f ver\u0259n z\u0259f\u0259r m\u0259rh\u0259l\u0259sini ya\u015fay\u0131r.<\/p>\n<p style=\"text-align: justify;\">Prezident \u0130lham \u018fliyevin Ali Ba\u015f Komandanl\u0131q f\u0259aliyy\u0259ti XXI \u0259srin 44 g\u00fcn davam ed\u0259n \u0259n m\u00fcasir, h\u0259rbi-texnoloji m\u00fcharib\u0259sind\u0259 \u00e7\u0259tin v\u0259 \u015f\u0259r\u0259fli s\u0131naqdan qalibiyy\u0259tl\u0259 \u00e7\u0131xd\u0131, ya\u015fad\u0131\u011f\u0131m\u0131z y\u00fczilliyin h\u0259rb tarixin\u0259 yaz\u0131ld\u0131. V\u0259t\u0259n m\u00fcharib\u0259si Prezident \u0130lham \u018fliyevin siyasi lider \u015f\u0259xsiyy\u0259tinin yeni nadir keyfiyy\u0259tini &#8211; h\u0259rbi s\u0259rk\u0259rd\u0259lik fenomenini a\u015fkara \u00e7\u0131xard\u0131. H\u0259r g\u00fcn\u00fcnd\u0259 Z\u0259f\u0259r tarixi yaz\u0131lan 44 g\u00fcnl\u00fck m\u00fcharib\u0259d\u0259 xalq\u0131m\u0131z\u0131n torpaqlar\u0131m\u0131z\u0131n i\u015f\u011faldan azad edilm\u0259si il\u0259 ba\u011fl\u0131 onillikl\u0259rl\u0259 b\u0259sl\u0259diyi arzusu ger\u00e7\u0259kliy\u0259 \u00e7evrildi. \u00d6lk\u0259miz v\u0259 d\u00fcnya Prezidentin f\u0259aliyy\u0259tind\u0259 parlaq \u015f\u0259kild\u0259 \u00fcz\u0259 \u00e7\u0131xan yeni \u015f\u0259xsi keyfiyy\u0259t\u0259 &#8211; m\u00fcz\u0259ff\u0259r Ali Ba\u015f Komandan\/h\u0259rbi s\u0259rk\u0259rd\u0259lik fenomenin\u0259 \u015fahidlik etdi.<\/p>\n<p style=\"text-align: justify;\">D\u00fcnya v\u0259 Az\u0259rbaycan xalq\u0131n\u0131n h\u0259rb tarixind\u0259 parlaq s\u0259hif\u0259y\u0259 \u00e7evril\u0259n Qaraba\u011f\u0131n azadl\u0131\u011f\u0131 u\u011frunda \u201cD\u0259mir Yumruq\u201d \u0259m\u0259liyyat\u0131ndan zaman \u00f6td\u00fckc\u0259, q\u0131sa vaxtda, minimum itki il\u0259 tariximizin, bir mill\u0259tin tarixi nailiyy\u0259tinin n\u0259 q\u0259d\u0259r \u0259z\u0259m\u0259tli oldu\u011funu g\u00f6r\u00fcr\u00fck. Bel\u0259likl\u0259, 2020-ci ilin sonlar\u0131nda ay yar\u0131m \u0259rzind\u0259 V\u0259t\u0259n m\u00fcharib\u0259sind\u0259 Az\u0259rbaycan\u0131n qazand\u0131\u011f\u0131 q\u0259l\u0259b\u0259 ger\u00e7\u0259klikd\u0259, epoxal prizmadan \u00e7ox q\u0131sa bir zaman hesab edil\u0259n son 17 ild\u0259 \u0130lham \u018fliyevin r\u0259hb\u0259rliyi alt\u0131nda gec\u0259 v\u0259 g\u00fcnd\u00fcz f\u0259dakarl\u0131qla apar\u0131lan d\u00f6vl\u0259t\u00e7iliy\u0259 v\u0259 xalqa xidm\u0259t missiyas\u0131n\u0131n m\u00f6ht\u0259\u015f\u0259m yekunu oldu. 10 noyabr tarixi &#8211; Prezidentin Az\u0259rbaycanda siyasi, iqtisadi v\u0259 h\u0259rbi g\u00fcc\u00fcn fasil\u0259siz konsentrasiyas\u0131n\u0131 t\u0259min etm\u0259kl\u0259 onu inki\u015faf\u0131n avanqard\u0131na, milli g\u00fcc \u00fcnvan\u0131na \u00e7evirm\u0259k \u00fc\u00e7\u00fcn apard\u0131\u011f\u0131 siyas\u0259tin real s\u00fcbutu oldu. M\u00fcasir d\u00f6vl\u0259t\u00e7ilik tariximizin h\u0259rbi-siyasi t\u0259qvimin\u0259 h\u0259r bir xalqa n\u0259sib olmayan r\u0259\u015fad\u0259tli q\u0259l\u0259b\u0259nin \u201cV\u0259t\u0259n m\u00fcharib\u0259si, Q\u0259l\u0259b\u0259\/Z\u0259f\u0259r g\u00fcnl\u0259ri\u201d adlanan s\u0259hif\u0259l\u0259ri \u0259b\u0259di h\u0259kk edildi.<\/p>\n<p style=\"text-align: justify;\">M\u00fcst\u0259qilliyimizin b\u0259rpas\u0131 il\u0259 eyni vaxtda ba\u015flayan v\u0259 30 il davam ed\u0259n \u0259razi b\u00fct\u00f6vl\u00fcy\u00fcn\u00fcn pozulmas\u0131 v\u0259 i\u015f\u011fal\u00e7\u0131l\u0131q tarixini B\u00f6y\u00fck Q\u0259l\u0259b\u0259 v\u0259 Z\u0259f\u0259rl\u0259 yaz\u0131lan yeni tarixi m\u0259rh\u0259l\u0259 \u0259v\u0259zl\u0259di. Halbuki, q\u0259l\u0259b\u0259mizd\u0259n c\u0259mi bir ne\u00e7\u0259 ay \u0259vv\u0259l Erm\u0259nistan r\u0259smil\u0259ri \u00f6z b\u0259yanatlar\u0131 v\u0259 davran\u0131\u015flar\u0131 il\u0259 s\u00fcbut etmi\u015fdil\u0259r ki, bu d\u00f6vl\u0259t n\u0259inki i\u015f\u011fal alt\u0131nda olan \u0259razil\u0259ri qaytarma\u011fa haz\u0131rla\u015fm\u0131r, \u0259ksin\u0259, Az\u0259rbaycan\u0131n yeni \u0259razil\u0259rini i\u015f\u011fal etm\u0259k m\u0259qs\u0259dini b\u0259yan edir. Da\u011fl\u0131q Qaraba\u011fda yarad\u0131lm\u0131\u015f qondarma rejimin ba\u015f\u00e7\u0131s\u0131n\u0131n \u015eu\u015fada \u201candi\u00e7m\u0259\u201d m\u0259rasiminin ke\u00e7irilm\u0259si, oyuncaq qurumun \u201cparlamentinin\u201d \u015eu\u015faya k\u00f6\u00e7\u00fcr\u00fclm\u0259si, i\u015f\u011fal olunmu\u015f \u0259razil\u0259r\u0259 Erm\u0259nistandan yeni yol \u00e7\u0259kilm\u0259si, qanunsuz m\u0259skunla\u015fd\u0131rma siyas\u0259tinin geni\u015fl\u0259ndirilm\u0259si, dan\u0131\u015f\u0131qlar\u0131n format\u0131n\u0131 d\u0259yi\u015fdirm\u0259y\u0259 c\u0259hdl\u0259r g\u00f6st\u0259rilm\u0259si, dan\u0131\u015f\u0131qlar\u0131 davam etdirm\u0259k \u00fc\u00e7\u00fcn Az\u0259rbaycan\u0131n qar\u015f\u0131s\u0131nda g\u00fcl\u00fcnc \u201c7 \u015f\u0259rt\u201d qoyulmas\u0131, Erm\u0259nistan\u0131n d\u00f6vl\u0259t ba\u015f\u00e7\u0131s\u0131n\u0131n ir\u0259li s\u00fcrd\u00fcy\u00fc \u201cQaraba\u011f Erm\u0259nistand\u0131r v\u0259 n\u00f6qt\u0259\u201d, Erm\u0259nistan m\u00fcdafi\u0259 nazirinin s\u0259sl\u0259ndirdiyi \u201cyeni \u0259razil\u0259r \u00fc\u00e7\u00fcn yeni m\u00fcharib\u0259\u201d iddialar\u0131 i\u015f\u011fal\u00e7\u0131 d\u00f6vl\u0259tin r\u0259hb\u0259rliyinin \u0259sl niyy\u0259tl\u0259rini ortaya qoymu\u015fdur. Bu m\u0259suliyy\u0259tsiz davran\u0131\u015f v\u0259 b\u0259yanatlara beyn\u0259lxalq t\u0259\u015fkilatlar, el\u0259c\u0259 d\u0259 i\u015f\u011fal\u00e7\u0131n\u0131 s\u00fclh\u0259 s\u00f6vq etm\u0259li olan Minsk qrupunun h\u0259ms\u0259dr \u00f6lk\u0259l\u0259ri t\u0259r\u0259find\u0259n he\u00e7 bir m\u00fcnasib\u0259t bildirilm\u0259m\u0259si Erm\u0259nistan Respublikas\u0131n\u0131n daha \u00e7ox \u0259l-qol a\u00e7mas\u0131na g\u0259tirib \u00e7\u0131xarm\u0131\u015fd\u0131r. 2020-ci il iyulun 12-d\u0259 Erm\u0259nistan silahl\u0131 q\u00fcvv\u0259l\u0259ri at\u0259\u015fk\u0259si kobudcas\u0131na pozaraq, c\u0259bh\u0259 x\u0259ttind\u0259n \u00e7ox uzaqlarda, d\u00f6vl\u0259t s\u0259rh\u0259dinin Tovuz rayonu istiqam\u0259tind\u0259 Az\u0259rbaycan Silahl\u0131 Q\u00fcvv\u0259l\u0259rinin m\u00f6vqel\u0259rini artilleriya at\u0259\u015fin\u0259 tutma\u011fa ba\u015flam\u0131\u015fd\u0131lar. M\u00fcnaqi\u015f\u0259 tarixind\u0259 g\u0259rginliyi \u0259n y\u00fcks\u0259k h\u0259dd\u0259 \u00e7atd\u0131ran erm\u0259ni r\u0259hb\u0259rliyi bu tarixi faktlar\u0131 unutsa da, xalq\u0131m\u0131z yax\u015f\u0131 xat\u0131rlay\u0131r.<\/p>\n<p style=\"text-align: justify;\">Az\u0259rbaycan\u0131n qlobal miqyas alm\u0131\u015f, XXI \u0259srin \u0259n uzunm\u00fcdd\u0259tli, dondurulmu\u015f hesab edil\u0259n Qaraba\u011f m\u00fcnaqi\u015f\u0259sinin m\u00fcharib\u0259 yolu il\u0259 h\u0259ll edilm\u0259si V\u0259t\u0259n m\u00fcharib\u0259sind\u0259 q\u0259l\u0259b\u0259nin t\u0259m\u0259ll\u0259rinin h\u0259l\u0259 2003-c\u00fc ild\u0259n m\u00fc\u0259yy\u0259n edil\u0259n B\u00f6y\u00fck Strategiyan\u0131n h\u0259d\u0259fi olmas\u0131n\u0131 dem\u0259y\u0259 tam \u0259sas verir. Bu g\u00fcnl\u0259r xalq\u0131m\u0131z\u0131n ya\u015fad\u0131\u011f\u0131 Az\u0259rbaycan m\u00f6c\u00fcz\u0259sinin, q\u0259l\u0259b\u0259 modelinin t\u0259m\u0259lind\u0259 xalq\u0131n etimad\u0131ndan g\u00fcc alan lider \u015f\u0259xsiyy\u0259tin 17 il \u0259vv\u0259l bu g\u00fcnl\u0259r\u0259 v\u0259 qar\u015f\u0131dak\u0131 perspektivl\u0259r\u0259 h\u0259d\u0259fl\u0259nmi\u015f strateji t\u0259f\u0259kk\u00fcr\u00fc dayan\u0131r. Prezident \u0130lham \u018fliyev demi\u015fdi: <strong><em>\u201cBiz bu ill\u0259r \u0259rzind\u0259 g\u00fcc toplay\u0131rd\u0131q, h\u0259m siyasi m\u00fcst\u0259vid\u0259, h\u0259m beyn\u0259lxalq t\u0259\u015fkilatlar \u00e7\u0259r\u00e7iv\u0259sind\u0259, h\u0259m d\u0259 \u00f6lk\u0259 daxilind\u0259 iqtisadiyyat\u0131m\u0131z\u0131 g\u00fccl\u0259ndirirdik. Biz ordumuzu g\u00fccl\u0259ndirirdik\u201d.<\/em><\/strong><\/p>\n<p style=\"text-align: justify;\">44 g\u00fcnl\u00fck V\u0259t\u0259n m\u00fcharib\u0259sind\u0259 \u0259ld\u0259 edil\u0259n B\u00f6y\u00fck Z\u0259f\u0259rin &#8211; daha vacibi h\u0259l\u0259 qar\u015f\u0131da \u0259ld\u0259 edil\u0259c\u0259k ne\u00e7\u0259 q\u0259l\u0259b\u0259l\u0259rin z\u0259min olan h\u0259lledici amill\u0259rin d\u0259, q\u0259l\u0259b\u0259nin beyn\u0259lxalq \u0259h\u0259miyy\u0259ti d\u0259 olduqca \u00e7ox\u015fax\u0259lidir v\u0259 onlar\u0131n sad\u0259c\u0259 sadalanmas\u0131 xeyli zaman t\u0259l\u0259b edir. H\u0259min amill\u0259rd\u0259n biri &#8211; V\u0259t\u0259n m\u00fcharib\u0259sind\u0259 q\u0259l\u0259b\u0259mizin beyn\u0259lxalq geosiyasi \u0259h\u0259miyy\u0259ti h\u0259l\u0259 d\u0259rind\u0259n d\u0259rk edilm\u0259lidir. Prezident Az\u0259rbaycan\u0131n haqq i\u015fini d\u00f6y\u00fc\u015f meydan\u0131nda m\u00fcdafi\u0259 ed\u0259r\u0259k, BMT q\u0259tnam\u0259l\u0259rini, beyn\u0259lxalq \u0259dal\u0259ti b\u0259rpa etdi. Qaraba\u011f z\u0259f\u0259ri d\u00fcnyada davam ed\u0259n h\u0259ll edilm\u0259mi\u015f m\u00fcnaqi\u015f\u0259l\u0259rd\u0259n \u00e7\u0131x\u0131\u015f yolu, \u00f6rn\u0259k-presedent oldu. \u0130lham \u018fliyevin xarici siyas\u0259ti, diplomatiyas\u0131 ya\u015fad\u0131\u011f\u0131m\u0131z strateji qeyri-sabitlik \u0259srind\u0259 yeni \u0259dal\u0259tli d\u00fcnya nizam\u0131n\u0131 qurma\u011fa do\u011fru at\u0131lan ilk add\u0131m kimi tarix\u0259 d\u00fc\u015fd\u00fc. Bu yeni d\u00fcnya nizam\u0131nda i\u015f\u011fal\u00e7\u0131 siyas\u0259t\u0259, ikili standartlara yer olmamal\u0131d\u0131r. \u018fks t\u0259qdird\u0259, haqq v\u0259 \u0259dal\u0259t, siyasi lider v\u0259 xalq\u0131n irad\u0259si, \u0259n m\u00fcasir h\u0259rbi texnoloji inqilabla silahlanan Ordu \u00f6z s\u00f6z\u00fcn\u00fc dem\u0259li olur. Az\u0259rbaycan\u0131n q\u0259l\u0259b\u0259 modelinin xarici siyasi \u0259h\u0259miyy\u0259ti bunu s\u00fcbuta yetirdi.<\/p>\n<p style=\"text-align: justify;\">\u0130lham \u018fliyevin r\u0259hb\u0259rliyi il\u0259 \u0259ld\u0259 edil\u0259n Qaraba\u011f z\u0259f\u0259ri, qlobal s\u0259viyy\u0259d\u0259 yeni beyn\u0259lxalq m\u00fcnasib\u0259tl\u0259r sisteminin ba\u015flan\u011f\u0131c\u0131n\u0131 \u015f\u0259rtl\u0259ndirib. II D\u00fcnya m\u00fcharib\u0259sind\u0259n sonra ba\u015f ver\u0259n qlobal-epoxal xarakterli prosesl\u0259rin gedi\u015fat\u0131n\u0131 d\u0259yi\u015f\u0259n tendensiyalara yol a\u00e7\u0131b. V\u0259t\u0259n m\u00fcharib\u0259sinin geosiyasi s\u0259das\u0131 regional \u00e7\u0259r\u00e7iv\u0259l\u0259ri a\u015f\u0131b. D\u00fcnya art\u0131q n\u0259inki XXI \u0259srin, o c\u00fcml\u0259d\u0259n yeni minilliyin m\u00fcharib\u0259 v\u0259 geosiyas\u0259t m\u0259rh\u0259l\u0259si il\u0259 \u00fcz-\u00fcz\u0259dir.<\/p>\n<p style=\"text-align: justify;\">B\u00f6y\u00fck z\u0259f\u0259rl\u0259 ba\u015flayan yeni m\u0259rh\u0259l\u0259d\u0259 biz xalq\u0131m\u0131z\u0131 yeni q\u0259l\u0259b\u0259l\u0259r\u0259 haz\u0131rlamal\u0131y\u0131q. Qaraba\u011f ideal\u0131m\u0131z idi. Bu, mill\u0259ti birl\u0259\u015fdirdi. Biz indi qar\u015f\u0131m\u0131za yeni iddialar, yeni h\u0259d\u0259fl\u0259r qoymal\u0131y\u0131q. D\u00fc\u015fm\u0259n el\u0259 bilm\u0259m\u0259lidir ki, biz ideal\u0131m\u0131za \u00e7atandan sonra \u0259limizi \u0259limizin \u00fcst\u00fcn\u0259 qoyaca\u011f\u0131q. O \u00fczd\u0259n g\u0259l\u0259c\u0259k h\u0259d\u0259fl\u0259rin se\u00e7imind\u0259 h\u0259r birimiz i\u015ftirak el\u0259m\u0259liyik. Bu q\u0259l\u0259b\u0259ni m\u00f6hk\u0259ml\u0259ndirm\u0259liyik v\u0259 Qaraba\u011f\u0131 yenid\u0259n qurandan sonra ham\u0131m\u0131z daha b\u00f6y\u00fck Az\u0259rbaycan u\u011frunda s\u0259f\u0259rb\u0259r olmal\u0131y\u0131q. Mill\u0259timiz bu q\u0259l\u0259b\u0259d\u0259n b\u00f6y\u00fcy\u00fcb, Ali Ba\u015f Komandan, \u0259slind\u0259, bizim \u0259razi b\u00fct\u00f6vl\u00fcy\u00fcm\u00fcz\u00fc t\u0259min ed\u0259r\u0259k b\u00fct\u00fcn s\u0259rh\u0259dl\u0259rimizd\u0259 suverenliyimizi b\u0259rq\u0259rar edib, yeni c\u00fcmhuriyy\u0259t, yeni mill\u0259t qurub. Bu h\u0259m d\u0259 bizim yeni keyfiyy\u0259td\u0259 m\u00fcst\u0259qillik qazanma\u011f\u0131m\u0131z dem\u0259kdir.<\/p>\n<p style=\"text-align: justify;\">Bu q\u0259l\u0259b\u0259 il\u0259 m\u00fcz\u0259ff\u0259r Ordumuz BMT q\u0259tnam\u0259l\u0259rini d\u0259 yerin\u0259 yetirdi. La\u00e7\u0131n\u0131n azad olunmas\u0131 il\u0259 ke\u00e7\u0259n \u0259srin 90-c\u0131 ill\u0259rind\u0259 yaranm\u0131\u015f h\u0259rbi-siyasi v\u0259ziyy\u0259t ortadan qalxd\u0131 v\u0259 M\u00fcz\u0259ff\u0259r Ordumuz BMT q\u0259tnam\u0259l\u0259rinin ham\u0131s\u0131n\u0131 yerin\u0259 yetir\u0259r\u0259k, d\u00fcnyada s\u00fclh\u0259 v\u0259 t\u0259hl\u00fck\u0259sizliy\u0259 cavabdehlik da\u015f\u0131yan \u0259n b\u00f6y\u00fck qurumu 27 illik q\u0131naqdan v\u0259 n\u00fcfuz itkisind\u0259n xilas etdi. Art\u0131q h\u0259min s\u0259n\u0259dl\u0259r yaln\u0131z tarix \u00fc\u00e7\u00fcn \u0259h\u0259miyy\u0259t da\u015f\u0131y\u0131r.<\/p>\n<p style=\"text-align: justify;\">Siyasi t\u0259qvimd\u0259 1 dekabr g\u00fcn\u00fc eyni zamanda Ali Ba\u015f Komandan \u0130lham \u018fliyevin f\u0259dakar mill\u0259timiz v\u0259 \u015fanl\u0131 Silahl\u0131 Q\u00fcvv\u0259l\u0259rimizl\u0259 birg\u0259 t\u0259kc\u0259 h\u0259rbi deyil, el\u0259c\u0259 d\u0259 diplomatik-siyasi g\u00fcc\u00fc, imzas\u0131n\u0131n h\u00f6km\u00fc il\u0259 torpaqlar\u0131m\u0131z\u0131 t\u0259cav\u00fczkarlardan t\u0259mizl\u0259m\u0259y\u0259 qadir oldu\u011funu beyn\u0259lxalq ictimaiyy\u0259t\u0259 g\u00f6st\u0259rdi. 10 noyabr sazi\u015finin i\u015fl\u0259m\u0259si, d\u00f6vl\u0259timizin hesab\u0131na regionda formala\u015fan yeni geosiyasi, el\u0259c\u0259 d\u0259 t\u0259hl\u00fck\u0259sizlik atmosferi Qafqazda yeni arxitektura qurma\u011fa imkan ver\u0259c\u0259k. \u0130ndi s\u00fcr\u0259tli bir \u015f\u0259kild\u0259 Qaraba\u011fda erm\u0259ni silahl\u0131 q\u00fcvv\u0259l\u0259rinin b\u00f6lg\u0259d\u0259n \u00e7\u0131xar\u0131lmas\u0131, Rusiya s\u00fclhyarad\u0131c\u0131 q\u00fcvv\u0259l\u0259rinin n\u0259zar\u0259ti alt\u0131nda olan \u0259razil\u0259rin \u00f6lk\u0259mizin suveren haqlar\u0131 alt\u0131na qaytar\u0131lmas\u0131, qarda\u015f T\u00fcrkiy\u0259nin i\u015ftirak\u0131 il\u0259 regionun g\u0259l\u0259c\u0259yin\u0259 dair yeni strateji planlar\u0131n icras\u0131 m\u0259rh\u0259l\u0259sin\u0259 ba\u015flamaq g\u0259r\u0259kdir. Onu da qeyd ed\u0259k ki, \u201cLa\u00e7\u0131n d\u0259hlizi\u2019\u2019nin t\u0259kl\u00fck\u0259siz \u00e7al\u0131\u015fmas\u0131 bizim d\u00f6vl\u0259t strukturlar\u0131n\u0131n z\u0259man\u0259ti alt\u0131nda oldu\u011fu \u00fc\u00e7\u00fcn Qaraba\u011fda qanunsuz separat\u00e7\u0131 strukturun h\u0259r hans\u0131 qal\u0131qlar\u0131n\u0131 qoruyub-saxlamaq m\u00fcmk\u00fcn olmayacaq.<\/p>\n<p style=\"text-align: justify;\">Dig\u0259r t\u0259r\u0259fd\u0259n, Nax\u00e7\u0131vanla kommunikasiyaya dair birg\u0259 b\u0259yanatda n\u0259z\u0259rd\u0259 tutulan \u00f6hd\u0259liyin gecikm\u0259d\u0259n yerin\u0259 yetirilm\u0259sin\u0259 ba\u015flan\u0131lmas\u0131 Qaraba\u011fla c\u0259mi bir yolla \u0259laq\u0259 d\u0259hlizinin t\u0259hl\u00fck\u0259siz \u00e7al\u0131\u015fmas\u0131nda \u0259n m\u00fch\u00fcm faktorlardan biri olacaqd\u0131r. Y\u0259ni d\u0259hlizl\u0259r co\u011frafi olmasa da, siyasi v\u0259 ictimai i\u015fl\u0259klik bax\u0131m\u0131ndan bir-birind\u0259n ayr\u0131lmaz \u015f\u0259kild\u0259 ba\u011fl\u0131d\u0131r. Ali Ba\u015f Komandan \u0130lham \u018fliyevin Nax\u00e7\u0131van\u0131 bir d\u0259hlizl\u0259 Az\u0259rbaycanla birl\u0259\u015fdirm\u0259k irad\u0259si t\u0259kc\u0259 10 il \u0259vv\u0259l deyil, el\u0259c\u0259 d\u0259 bir \u0259sr \u0259vv\u0259l Az\u0259rbaycan Demokratik C\u00fcmhuriyy\u0259ti d\u00f6vr\u00fcnd\u0259 itirilmi\u015f m\u00f6vqel\u0259rin b\u0259rpas\u0131 dem\u0259kdir. Bu, d\u00f6vl\u0259t\u00e7ilikd\u0259 varislik \u0259n\u0259n\u0259l\u0259rin\u0259 Prezidentimizin verdiyi \u0259n b\u00f6y\u00fck d\u0259y\u0259rdir. Demokratik C\u00fcmhuriyy\u0259ti quran insanlar\u0131n da ruhu bununla sevinmi\u015f oldu.<\/p>\n<p style=\"text-align: justify;\">Qar\u015f\u0131dak\u0131 yax\u0131n d\u00f6vrd\u0259 Erm\u0259nistan T\u00fcrkiy\u0259 v\u0259 Az\u0259rbaycan\u0131n \u0259razi b\u00fct\u00f6vl\u00fcy\u00fcn\u00fc tan\u0131yaraq, b\u00fct\u00fcn tarixi iddialar\u0131ndan geri durdu\u011funu b\u0259yan ed\u0259rs\u0259, el\u0259c\u0259 d\u0259 \u0259srl\u0259rl\u0259 y\u00fcr\u00fcd\u00fcl\u0259n mifik ictimai-siyasi, h\u0259m\u00e7inin ideoloji kursun a\u011f\u0131r miras\u0131ndan imtina ed\u0259rs\u0259, o halda b\u00f6lg\u0259d\u0259 daha geni\u015f arealda kommunikasiyalar\u0131n a\u00e7\u0131lmas\u0131 m\u00fcmk\u00fcn ola bil\u0259r.<\/p>\n<p style=\"text-align: justify;\">44 g\u00fcnl\u00fck V\u0259t\u0259n m\u00fcharib\u0259sind\u0259 T\u00fcrkiy\u0259 v\u0259 Az\u0259rbaycan qarda\u015fl\u0131\u011f\u0131 \u0259sr l\u0259r boyu oldu\u011fu kimi \u00e7ox u\u011furla tarixi s\u0131naqdan \u00e7\u0131xd\u0131 v\u0259 bu, t\u0259kc\u0259 iki d\u00f6vl\u0259tin elitas\u0131n\u0131n, h\u00f6kum\u0259tl\u0259rinin deyil, el\u0259c\u0259 d\u0259 say\u0131 y\u00fcz milyonlar\u0131 ke\u00e7\u0259n t\u00fcrkl\u0259r-az\u0259rbaycanl\u0131lar\u0131n, h\u0259m\u00e7inin d\u00fcnya ictimaiyy\u0259tinin m\u00f6vqeyini formala\u015fd\u0131ran m\u0259tbuat\u0131n, televiziyan\u0131n, virtual median\u0131n f\u0259dakarl\u0131qla \u00e7al\u0131\u015fan informasiya c\u0259bh\u0259si d\u00f6y\u00fc\u015f\u00e7\u00fcl\u0259rinin igidliyi hesab\u0131na oldu. Biz 44 g\u00fcnd\u0259 T\u00fcrkiy\u0259 v\u0259 Az\u0259rbaycan\u0131n informasiya m\u0259kan\u0131n\u0131n birl\u0259\u015fdiyini, vahidliyini g\u00f6rd\u00fck. Onlar V\u0259t\u0259n m\u00fcharib\u0259sinin h\u0259r g\u00fcn\u00fcn\u00fc biziml\u0259 b\u0259rab\u0259r ya\u015fad\u0131lar, k\u0259d\u0259rimiz v\u0259 sevincimizl\u0259 bir oldular. T\u00fcrkiy\u0259nin apar\u0131c\u0131 televiziya kanallar\u0131 Ali Ba\u015f Komandanla geni\u015f m\u00fcsahib\u0259l\u0259r apard\u0131lar, onu d\u00fcnyan\u0131n g\u00fcnd\u0259min\u0259 \u00e7evirdil\u0259r, haqq s\u0259simizi yayd\u0131lar, eyni zamanda d\u00f6y\u00fc\u015f b\u00f6lg\u0259l\u0259rind\u0259n, s\u0259ng\u0259rd\u0259n 44 g\u00fcn \u0259rzind\u0259 daim reportajlar verdil\u0259r, faktiki olaraq sava\u015fd\u0131lar, pe\u015f\u0259karl\u0131q, operativlik v\u0259 f\u0259dakarl\u0131q n\u00fcmun\u0259l\u0259ri yaratd\u0131lar.<\/p>\n<p style=\"text-align: justify;\">Dem\u0259k olar ki, b\u00fct\u00fcn teleradiokanallar\u0131, \u00e7oxmilyonlu tiraja, el\u0259c\u0259 d\u0259 f\u0259rqli auditoriyalara malik olan q\u0259zetl\u0259r, virtual media resurslar\u0131n\u0131n m\u00fctl\u0259q \u0259ks\u0259riyy\u0259ti Az\u0259rbaycan\u0131 birinci planda daim \u0259n m\u00fcxt\u0259lif formatl\u0131 m\u00fczakir\u0259l\u0259rin ba\u015f m\u00f6vzusuna \u00e7evirdil\u0259r, b\u00fct\u00fcn arsenallar\u0131 il\u0259 Qaraba\u011f v\u0259 Az\u0259rbaycan \u00fc\u00e7\u00fcn d\u00f6y\u00fc\u015fd\u00fcl\u0259r, t\u0259kc\u0259 x\u0259b\u0259r yay\u0131c\u0131lar\u0131 kimi qalmad\u0131lar, el\u0259c\u0259 d\u0259 b\u00fct\u00fcn d\u00f6vl\u0259t-h\u00f6kum\u0259t adamlar\u0131n\u0131 aktiv diskussiyalara, analitik proqramlara c\u0259lb etdil\u0259r, universitet rektorlar\u0131ndan elm adamlar\u0131na, pe\u015f\u0259kar h\u0259rbi-siyasi ekspertl\u0259rd\u0259n sad\u0259 ictimaiyy\u0259t n\u00fcmay\u0259nd\u0259l\u0259rin\u0259 q\u0259d\u0259r ham\u0131s\u0131n\u0131 sava\u015f \u00fc\u00e7\u00fcn s\u0259f\u0259rb\u0259r etdil\u0259r. Bunlar q\u00fcrur do\u011furan, unudulmaz s\u0259hif\u0259l\u0259rdir v\u0259 biz \u00f6z\u00fcm\u00fcz\u0259 borc bilirik ki, b\u00fct\u00fcn T\u00fcrkiy\u0259 medias\u0131na g\u00f6st\u0259rdikl\u0259ri c\u0259fake\u015fliy\u0259 g\u00f6r\u0259 \u00f6z h\u00f6rm\u0259t v\u0259 ehtiram\u0131m\u0131z\u0131 bildir\u0259k, onlara t\u0259\u015f\u0259kk\u00fcr ed\u0259k v\u0259 x\u00fcsusi vur\u011fulayaq ki, onlar Az\u0259rbaycan d\u00f6vl\u0259tind\u0259n g\u0259l\u0259c\u0259kd\u0259 m\u00fcxt\u0259lif t\u0259ltifl\u0259r\u0259, orden v\u0259 medallara layiq g\u00f6r\u00fclm\u0259l\u0259ri il\u0259 b\u0259rab\u0259r, xalq\u0131m\u0131z\u0131n t\u00fck\u0259nm\u0259z sevgisini qazan\u0131blar v\u0259 bu, m\u0259hz 44 g\u00fcnl\u00fck m\u00fcharib\u0259d\u0259ki salnam\u0259dir.<\/p>\n<p style=\"text-align: justify;\">Q\u0259l\u0259b\u0259 ruhunu azad olunan \u0259razil\u0259rimiz\u0259 B\u00f6y\u00fck Qay\u0131d\u0131\u015fa, B\u00f6y\u00fck Quruculuq i\u015fl\u0259rin\u0259 v\u0259 bel\u0259likl\u0259, B\u00f6y\u00fck Az\u0259rbaycan\u0131n yarad\u0131lmas\u0131na y\u00f6n\u0259ltm\u0259yi bacarmal\u0131y\u0131q. Bu istiqam\u0259td\u0259 g\u00f6r\u00fcl\u0259c\u0259k i\u015f V\u0259t\u0259n m\u00fcharib\u0259sind\u0259 can\u0131ndan ke\u00e7\u0259n \u015f\u0259hidl\u0259rimizin, m\u00fcharib\u0259d\u0259 i\u015ftirak ed\u0259n qazil\u0259rimizin, yaral\u0131 v\u0259 \u0259lil d\u00f6y\u00fc\u015f\u00e7\u00fcl\u0259rin, onlar\u0131n ail\u0259l\u0259rinin d\u00f6vl\u0259tin diqq\u0259ti v\u0259 \u00fcmumxalq qay\u011f\u0131s\u0131 il\u0259 \u0259hat\u0259 edlm\u0259sidir. Ali Ba\u015f Komandan biz\u0259 q\u0259l\u0259b\u0259ni qazand\u0131ranlarla ba\u011fl\u0131 fikrini ayd\u0131n bildirib: <strong><em>\u201cBunu da h\u0259r k\u0259s bilsin, bu 44 g\u00fcn \u0259rzind\u0259 \u0259ld\u0259 edilmi\u015f q\u0259l\u0259b\u0259 bizim h\u0259rb\u00e7il\u0259rimizin pe\u015f\u0259karl\u0131\u011f\u0131, q\u0259hr\u0259manl\u0131\u011f\u0131 hesab\u0131na qazan\u0131l\u0131b. Biz bu m\u00fcharib\u0259ni \u015f\u0259hidl\u0259rimizin can\u0131-qan\u0131 bahas\u0131na, h\u0259rb\u00e7il\u0259rimizin r\u0259\u015fad\u0259ti hesab\u0131na qazanm\u0131\u015f\u0131q\u201d. <\/em><\/strong><\/p>\n<p style=\"text-align: justify;\">\u0130ki \u0259srlik tariximizd\u0259 qazan\u0131lan \u0259n b\u00f6y\u00fck q\u0259l\u0259b\u0259mizin, minillik g\u0259l\u0259c\u0259yimiz \u00fc\u00e7\u00fcn h\u0259r zaman iftixarla v\u0259 q\u00fcrur hissi il\u0259 qeyd olunacaq qalibiyy\u0259tin ger\u00e7\u0259k q\u0259hr\u0259manlar\u0131n\u0131n \u0259m\u0259yini qiym\u0259tl\u0259ndirm\u0259k \u00fc\u00e7\u00fcn d\u00f6vl\u0259t m\u00fckafatlar\u0131, x\u00fcsusi adlar t\u0259sis edildi. Ali Ba\u015f Komandan\u0131m\u0131z ham\u0131dan birinci, \u0259slind\u0259 is\u0259 aktiv d\u00f6y\u00fc\u015f \u0259m\u0259liyyatlar\u0131na b\u0259rab\u0259r tutulacaq add\u0131m ataraq \u00f6n c\u0259bh\u0259y\u0259 &#8211; azad olunan torpaqlar\u0131m\u0131za s\u0259f\u0259ri zaman\u0131 b\u0259yan etdi ki, m\u00fcz\u0259ff\u0259r Ordumuzun q\u0259hr\u0259manl\u0131\u011f\u0131na d\u0259y\u0259r verilm\u0259si, onlar\u0131n t\u0259ltif olunmas\u0131 h\u0259m d\u0259 d\u00fc\u015fm\u0259nin orden v\u0259 medallar\u0131n\u0131n onlar\u0131n sin\u0259l\u0259rind\u0259n qopar\u0131lmas\u0131 dem\u0259kdir. Prezident d\u00fc\u015fm\u0259n\u0259 \u201c\u00c7\u0131xar\u0131n at\u0131n o medallar\u0131!\u201d &#8211; dey\u0259 \u00e7a\u011f\u0131r\u0131\u015f da etdi. T\u0259ltifl\u0259r sistemi \u0259n m\u00fch\u00fcm d\u00f6vl\u0259t\u00e7ilik hadis\u0259si oldu.<\/p>\n<p style=\"text-align: justify;\">Bildiyimiz kimi, Fransan\u0131n \u0259n m\u0259\u015fhur d\u00f6vl\u0259t m\u00fckafat\u0131 olan \u201cF\u0259xri Legion\u201d ordenini Napoleon Bonapart 1802-ci ild\u0259 \u00f6z\u00fc t\u0259sis edib. Bununla ba\u011fl\u0131 yaz\u0131b: \u201cFrans\u0131zlar\u0131n yaln\u0131z bir hissi var &#8211; \u015f\u0259r\u0259f hissi, buna g\u00f6r\u0259 d\u0259 bu hissi m\u00fcmk\u00fcn q\u0259d\u0259r g\u00fccl\u0259ndirm\u0259k, onlara \u00f6zl\u0259rinin f\u0259rqli oldu\u011funu g\u00f6st\u0259rm\u0259k laz\u0131md\u0131r\u201d.<\/p>\n<p style=\"text-align: justify;\">Haz\u0131rk\u0131 postm\u00fcharib\u0259 d\u00f6vr\u00fcnd\u0259, V\u0259t\u0259n m\u00fcharib\u0259sind\u0259 qalib g\u0259l\u0259n M\u00fcz\u0259ff\u0259r Ordumuzun i\u015ftirak\u00e7\u0131lar\u0131n\u0131n \u0259sas sosial m\u00fcdafi\u0259 v\u0259 imtiyazlar sisteminin haz\u0131rlanmas\u0131na ba\u015flan\u0131l\u0131b v\u0259 bu i\u015fin t\u0259kmill\u0259\u015fdirilm\u0259si davam edir. Qaraba\u011f m\u00fcharib\u0259sind\u0259 i\u015ftirak ed\u0259n \u0259sg\u0259r v\u0259 zabitl\u0259rin b\u00fct\u00fcn yax\u0131nlar\u0131na qay\u011f\u0131 v\u0259 h\u0259ssasl\u0131q g\u00f6st\u0259rilm\u0259si son d\u0259r\u0259c\u0259 vacib m\u0259s\u0259l\u0259dir. \u201cQaraba\u011f m\u00fcharib\u0259si veteran\u0131 v\u0259 \u0259lili\u201d statusuna da yeni h\u0259rbi reall\u0131qlar \u00e7\u0259r\u00e7iv\u0259sind\u0259 baxmal\u0131, II Qaraba\u011f m\u00fcharib\u0259sind\u0259 bu statusu \u0259ld\u0259 ed\u0259n b\u00fct\u00fcn qazil\u0259rimizi y\u00fcks\u0259k ad v\u0259 h\u00fcquqda t\u0259sbit etm\u0259liyik. \u201c\u015e\u0259hid ail\u0259si\u201d, yaxud \u201c\u018fsg\u0259r ail\u0259si\u201d ifad\u0259l\u0259rin\u0259 diqq\u0259t yetirilm\u0259sin\u0259, onlara sosial g\u00fcz\u0259\u015ftl\u0259rin t\u0259tbiqin\u0259 yenid\u0259n n\u0259z\u0259r sal\u0131naraq, \u018fm\u0259k v\u0259 \u018fhalinin Sosial M\u00fcdafi\u0259si Nazirliyinin n\u0259zdind\u0259 ayr\u0131ca \u015e\u0259hid Ail\u0259l\u0259ri v\u0259 Qazil\u0259r Fondunun yarad\u0131lmas\u0131 m\u0259qs\u0259d\u0259uy\u011fun olar. Qaraba\u011f sava\u015f\u0131 il\u0259 ba\u011fl\u0131 tarixi parklar\u0131n, H\u0259rbi Panteon v\u0259 s. m\u0259kanlar\u0131n yarad\u0131lmas\u0131 il\u0259 yana\u015f\u0131, t\u0259ltif edil\u0259nl\u0259rin adlar\u0131n\u0131n x\u00fcsusi \u015f\u0259r\u0259f l\u00f6vh\u0259sin\u0259 yaz\u0131lmas\u0131 da vacib hesab edil\u0259 bil\u0259r.<\/p>\n<p style=\"text-align: justify;\">Q\u0259l\u0259b\u0259mizin sosial-iqtisadi, m\u0259n\u0259vi-maddi bax\u0131mdan xidm\u0259ti olan h\u0259r bir insana faydas\u0131 olmal\u0131d\u0131r. Onlar haql\u0131 olaraq \u00f6zl\u0259rin\u0259 diqq\u0259t v\u0259 qay\u011f\u0131 t\u0259l\u0259b edirl\u0259r.<\/p>\n<p style=\"text-align: justify;\">Q\u0259l\u0259b\u0259mizi qorumaq V\u0259t\u0259ni can\u0131 il\u0259 m\u00fcdafi\u0259 etm\u0259kdir, igid v\u0259 q\u0259hr\u0259man \u015f\u0259hidl\u0259rimizl\u0259, \u0259sg\u0259r v\u0259 zabitl\u0259rimizl\u0259 bir s\u0131rada olmaqd\u0131r, onlarla vahid s\u0259ng\u0259ri b\u00f6l\u00fc\u015fm\u0259kdir. Daha \u00e7ox q\u0259hr\u0259manlar yeti\u015fdirm\u0259k ist\u0259yiriks\u0259, bel\u0259 etm\u0259liyik.<\/p>\n<p style=\"text-align: justify;\"><strong>B\u00d6Y\u00dcK QAYIDI\u015e v\u0259 B\u00d6Y\u00dcK QURUCULUQ. <\/strong>30 ild\u0259n \u00e7oxdur \u0259zabl\u0131, m\u0259\u015f\u0259qq\u0259tli m\u0259cburi k\u00f6\u00e7k\u00fcnl\u00fck h\u0259yat\u0131 ya\u015fayan insanlar\u0131m\u0131z \u00f6z do\u011fma yurd yerl\u0259rin\u0259 qay\u0131d\u0131b ya\u015fayacaqlar. Az\u0259rbaycan\u0131n h\u0259min gu\u015f\u0259l\u0259ri yenid\u0259n dir\u00e7\u0259l\u0259c\u0259k, yurd yerl\u0259rimiz, i\u015f\u011faldan azad olunmu\u015f \u0259razil\u0259rimiz yenid\u0259n qaynar h\u0259yat\u0131na d\u00f6n\u0259c\u0259k. Biz y\u00fcz minl\u0259rl\u0259 insan\u0131 Qaraba\u011fda t\u0259hsil\u0259 c\u0259lb ed\u0259r\u0259k orada t\u0259hsil m\u00fc\u0259ssis\u0259l\u0259rimizi, universitetl\u0259rimizi qurmal\u0131y\u0131q. M\u0259cburi k\u00f6\u00e7k\u00fcnl\u0259rimizl\u0259 yana\u015f\u0131, 1,5 -2 milyon v\u0259t\u0259nda\u015f\u0131m\u0131z\u0131n B\u00f6y\u00fck Qay\u0131d\u0131\u015fla azad olunan torpaqlar\u0131m\u0131zda ya\u015famas\u0131na imkan yaratmal\u0131y\u0131q. Qaraba\u011fda ya\u015fayan insanlara d\u00f6vl\u0259t d\u0259st\u0259yi olmal\u0131d\u0131r.<\/p>\n<p style=\"text-align: justify;\">V\u0259t\u0259n m\u00fcharib\u0259sind\u0259 q\u0259l\u0259b\u0259miz Prezident \u0130lham \u018fliyevin 2019-cu ild\u0259n h\u0259yata ke\u00e7irdiyi yeni hakimiyy\u0259t quruculu\u011fu siyas\u0259tinin do\u011fru oldu\u011funu s\u00fcbut etdi. \u018fks halda q\u0259l\u0259b\u0259 qazanmaq \u00e7\u0259tin olard\u0131. \u0130ndi d\u00fczg\u00fcn idar\u0259etm\u0259nin \u0259n b\u00f6y\u00fck \u00fcnvan\u0131 Qaraba\u011f v\u0259 xilas edilmi\u015f torpaqlar\u0131m\u0131z olmal\u0131d\u0131r. Qaraba\u011f\u0131n h\u0259r yerind\u0259 t\u0259miz, pe\u015f\u0259kar, v\u0259t\u0259np\u0259rv\u0259r, el\u0259c\u0259 d\u0259 g\u00fccl\u00fc siyasi t\u0259f\u0259kk\u00fcr\u0259 v\u0259 d\u0259rin intellekt\u0259 malik \u015f\u0259xsl\u0259rin hakimiyy\u0259t orqanlar\u0131nda t\u0259msil olunmas\u0131, \u015f\u0259ffaf v\u0259 d\u00fcr\u00fcst idar\u0259\u00e7iliyin n\u00fcmun\u0259y\u0259 \u00e7evrilm\u0259si ke\u00e7mi\u015fd\u0259 i\u015f\u011fala s\u0259b\u0259b olan tarixi s\u0259hvl\u0259rin bir daha t\u0259krarlanmamas\u0131n\u0131n z\u0259man\u0259tidir. Biz \u015f\u0259hid qanlar\u0131 \u00fcz\u0259rind\u0259 V\u0259t\u0259nin yenid\u0259n quruldu\u011funu he\u00e7 vaxt unutmamal\u0131y\u0131q.<\/p>\n<p style=\"text-align: justify;\">G\u00f6r\u00fcnd\u00fcy\u00fc kimi, azad olunan torpaqlara b\u00fct\u00fcn d\u00f6vl\u0259t strukturlar\u0131 il\u0259 birg\u0259 qay\u0131d\u0131r\u0131q. <strong>B\u0259li, torpaq, xalq v\u0259 hakimiyy\u0259t h\u0259mi\u015f\u0259 bir yerd\u0259 olma\u011f\u0131 t\u0259l\u0259b edir. Art\u0131q ilk quruculuq i\u015fl\u0259rin\u0259 &#8211; Yeni Yolun in\u015fas\u0131na ba\u015flan\u0131l\u0131b. Biz inan\u0131r\u0131q ki, Qaraba\u011fa ged\u0259n yollar\u0131n iki d\u0259f\u0259 daha uzun\u00f6m\u00fcrl\u00fc, iki d\u0259f\u0259 daha abad v\u0259 halal olmas\u0131 \u00fc\u00e7\u00fcn h\u0259r k\u0259s can\u0131-dild\u0259n \u00e7al\u0131\u015facaq. Bizi Q\u0259l\u0259b\u0259y\u0259 aparan yollar\u0131 el\u0259 qurmal\u0131y\u0131q ki, \u201cLa\u00e7\u0131n d\u0259hlizi\u201d ifad\u0259si yox olsun, i\u00e7imizd\u0259 yeni s\u0259rh\u0259d, t\u0259mas x\u0259tti yaratmaq v\u0259 bir ne\u00e7\u0259 g\u00fcn \u0259vv\u0259l oldu\u011fu kimi yenid\u0259n d\u00f6y\u00fc\u015f meydan\u0131 yaratmaq ist\u0259y\u0259nl\u0259rin plan\u0131 iflasa u\u011fras\u0131n v\u0259 Qaraba\u011f\u0131n b\u00fct\u00fcn arteriyalar\u0131 yenid\u0259n Az\u0259rbaycanla birl\u0259\u015fsin!<\/strong><\/p>\n<p style=\"text-align: justify;\">Biz y\u00fcz minl\u0259rl\u0259 soyda\u015f\u0131m\u0131z\u0131 Qaraba\u011f\u0131n t\u0259hsil h\u0259yat\u0131na c\u0259lb ed\u0259r\u0259k o m\u00fcq\u0259dd\u0259s m\u0259kanda \u0259n g\u00fccl\u00fc m\u0259kt\u0259bl\u0259rimizi &#8211; universitetl\u0259rimizi qurmal\u0131, qabaqc\u0131l alim v\u0259 ziyallar\u0131m\u0131z\u0131 ora toplamal\u0131y\u0131q ki, Qaraba\u011f elmi c\u0259h\u0259td\u0259n g\u00fccl\u00fc regiona \u00e7evrilsin, he\u00e7 bir ordunun ke\u00e7\u0259 bilm\u0259y\u0259c\u0259yi qoruyucu sip\u0259rimiz olsun!<\/p>\n<p style=\"text-align: justify;\">Biz el\u0259 etm\u0259lyik ki, b\u00fct\u00fcn mill\u0259tl\u0259r orada ya\u015faya bilsin. Aqarunovun can\u0131n\u0131 f\u0259da etdiyi torpaqlarda y\u0259hudil\u0259r d\u0259, Solntsevin h\u0259yat\u0131n\u0131 qurban verdiyi m\u0259qs\u0259dl\u0259r namin\u0259 ruslar da, m\u0259n\u0259n yan\u0131m\u0131zda olan g\u00fcrc\u00fcl\u0259r, ukraynal\u0131lar, belaruslar da etnik-milli-dini bir harmoniyada xalq\u0131m\u0131zla birg\u0259 o m\u0259kanda qurub-yarats\u0131nlar. Az\u0259rbaycanda ev\u0259-e\u015fiy\u0259 ehtiyac\u0131 olanlar\u0131n ham\u0131s\u0131na \u015f\u0259rait yaratmal\u0131y\u0131q ki, qoy gedib Qaraba\u011fda \u00f6zl\u0259rin\u0259 isti ocaq qursunlar. Biz t\u0259kc\u0259 k\u00f6\u00e7k\u00fcnl\u0259rimizi deyil, b\u0259lk\u0259, 1.5, &#8211; 2 milyon v\u0259t\u0259nda\u015f\u0131m\u0131z\u0131 \u201cB\u00f6y\u00fck Qay\u0131d\u0131\u015f\u201d proqram\u0131 il\u0259 azad \u0259razil\u0259rimz\u0259 aparmal\u0131y\u0131q!<\/p>\n<p style=\"text-align: justify;\">Ordumuz \u201cOhanyan x\u0259tti\u201dni dag\u0131d\u0131b qalib g\u0259ldi, lakin bizim ke\u00e7ilm\u0259z s\u0259dl\u0259rimiz el\u0259 olmal\u0131d\u0131r ki, 270 ya\u015fl\u0131 \u015eu\u015fa Qaraba\u011f\u0131n inzibati-siyasi-idar\u0259etm\u0259 m\u0259rk\u0259zin\u0259 \u00e7evrilsin. Xat\u0131rlatmaq ist\u0259rdim ki, d\u00fcz 170 il \u0259rzind\u0259 m\u0259hz bel\u0259 olub. \u015eu\u015fa Qaraba\u011f rayonunun inzibati m\u0259rk\u0259zi olmal\u0131d\u0131r! XX \u0259srin 90-c\u0131 ill\u0259rind\u0259 birl\u0259\u015f\u0259nd\u0259n sonra Almaniyan\u0131n etdiyini ki\u00e7ik miqyasda t\u0259krarlamal\u0131y\u0131q&#8230;<\/p>\n<p style=\"text-align: justify;\">V\u0259t\u0259n m\u00fcharib\u0259sind\u0259 verdiyimiz 2881 n\u0259f\u0259r \u015f\u0259hidimizi, veteran v\u0259 yaral\u0131lar\u0131 da n\u0259z\u0259r\u0259 alaraq, Qaraba\u011fda qurulan g\u0259nc ail\u0259l\u0259r\u0259 v\u0259 do\u011fulan h\u0259r k\u00f6rp\u0259y\u0259 g\u00f6r\u0259 d\u00f6vl\u0259t yard\u0131mlar\u0131 say\u0259sind\u0259 b\u00fct\u00fcn xilas edilm\u015f \u0259razil\u0259rd\u0259 m\u0259skunla\u015fma \u0259n y\u00fcks\u0259k s\u0259viyy\u0259y\u0259 \u00e7atmal\u0131, milyardlarla manat x\u0259rc \u00e7\u0259kilib sal\u0131nan yeni \u015f\u0259h\u0259r, q\u0259s\u0259b\u0259 v\u0259 k\u0259ndl\u0259rimizd\u0259 daim h\u0259yat qaynamal\u0131d\u0131r.<\/p>\n<p style=\"text-align: justify;\">Biz orada q\u0259dim tariximizi t\u0259kc\u0259 muzeyl\u0259r\u0259 y\u0131\u011fmaqla yox, el\u0259c\u0259 d\u0259 onu b\u00f6y\u00fcy\u0259n milyonlarla g\u0259ncin beynin\u0259, ruhuna yerl\u0259\u015fdirm\u0259yin yollar\u0131n\u0131 tapmal\u0131y\u0131q. Qaraba\u011f \u00f6z\u00fc boyda kitab evin\u0259 \u00e7evrilm\u0259lidir!<\/p>\n<p style=\"text-align: justify;\">Beyn\u0259lxalq maliyy\u0259-iqtisadi qurumlar\u0131 \u00fc\u00e7\u00fcn d\u0259 oraya yol a\u00e7\u0131qd\u0131r. Xat\u0131rlay\u0131rs\u0131n\u0131zsa, 2000-ci ill\u0259rd\u0259 Avropa Birliyinin r\u0259smil\u0259ri Ulu \u00f6nd\u0259r Heyd\u0259r \u018fliyevl\u0259 g\u00f6r\u00fc\u015f\u0259rk\u0259n Qaraba\u011fda da\u011f\u0131lm\u0131\u015f infrastrukturun b\u0259rpas\u0131 \u00fc\u00e7\u00fcn 1 milyard avro yard\u0131m etm\u0259y\u0259 haz\u0131r olduqlar\u0131n\u0131 s\u00f6yl\u0259mi\u015fdil\u0259r. Qoy indi v\u0259dl\u0259rini tutsunlar v\u0259 h\u0259qiq\u0259t\u0259n s\u00fclh\u0259-\u00e7i\u00e7\u0259kl\u0259nm\u0259y\u0259 investisiya qoysunlar. Qaraba\u011fda iqtisadi g\u00f6st\u0259rici b\u00fct\u00fcn b\u00f6lg\u0259l\u0259rd\u0259n yuxar\u0131 olmal\u0131d\u0131r.<\/p>\n<p style=\"text-align: justify;\">Bilirsiniz ki, h\u0259rbi \u0259m\u0259liyyatlar ba\u015flayan g\u00fcnl\u0259rd\u0259 erm\u0259ni t\u0259r\u0259fi apard\u0131qlar\u0131 sava\u015f\u0131n ad\u0131n\u0131 \u201cc\u0259h\u0259nn\u0259m\u0259 xo\u015f g\u0259lmisiz\u201d qoymu\u015fdular. Diqq\u0259t edirsinizs\u0259, \u201cQafqaz\u0131n mirvarisi\u201d say\u0131lan m\u0259kana hans\u0131 ad\u0131 vermi\u015fdil\u0259r. Ali Ba\u015f Komandan\u0131m\u0131z is\u0259 \u201c<strong>Biz Qaraba\u011f\u0131 c\u0259nn\u0259t\u0259 \u00e7evir\u0259c\u0259yik!\u201d<\/strong> dedi, Az\u0259rbaycan xalq\u0131n\u0131n quruculuq ideallar\u0131n\u0131 d\u00fcnyaya n\u00fcmayi\u015f etdirdi.<\/p>\n<p style=\"text-align: justify;\">Q\u0259l\u0259b\u0259miz\u0259 h\u00fccumlar da sistemli, planl\u0131 v\u0259 amans\u0131z xarakter da\u015f\u0131y\u0131r. Sad\u0259 dill\u0259 des\u0259k, h\u0259rbi meydanda bizi m\u0259\u011flub ed\u0259 bilm\u0259y\u0259nl\u0259r, \u00f6lk\u0259mizi, o da olmasa d\u00fc\u015f\u00fcnc\u0259l\u0259rimizi 26 sentyabra qaytarma\u011fa c\u0259hd ed\u0259r\u0259k, siyasi, ictimai, diplomatik v\u0259 informasiya m\u0259kan\u0131nda u\u011furumuzu \u0259limizd\u0259n alma\u011fa c\u0259hd edir, tarixi z\u0259f\u0259rimizi g\u00f6zd\u0259n salma\u011fa, onu t\u0259hrif etm\u0259y\u0259, yaxud m\u00fcxt\u0259lif sosial-iqtisadi probleml\u0259rin fonunda adil\u0259\u015fdirm\u0259y\u0259 \u00e7al\u0131\u015f\u0131rlar.<\/p>\n<p style=\"text-align: justify;\"><strong>B\u00d6Y\u00dcK QURUCULUQ. <em>\u201c\u0130ndi is\u0259 bizim \u00fc\u00e7\u00fcn yeni d\u00f6vr ba\u015flay\u0131r &#8211; quruculuq d\u00f6vr\u00fc. M\u0259nfur d\u00fc\u015fm\u0259n i\u015f\u011fal edilmi\u015f b\u00fct\u00fcn torpaqlar\u0131 yerl\u0259-yeksan edib. Biz onlar\u0131n ham\u0131s\u0131n\u0131 b\u0259rpa ed\u0259c\u0259yik. Bundan sonra Az\u0259rbaycan yaln\u0131z inki\u015faf ed\u0259c\u0259k. Bizim azad edilmi\u015f torpaqlara bundan sonra h\u0259yat qay\u0131dacaq. M\u0259n demi\u015f\u0259m ki, bizim h\u0259r birimiz bu i\u015fd\u0259 f\u0259al olmal\u0131y\u0131q. Biz d\u00fc\u015fm\u0259n t\u0259r\u0259find\u0259n da\u011f\u0131d\u0131lm\u0131\u015f \u015f\u0259h\u0259r v\u0259 k\u0259ndl\u0259rimizi birlikd\u0259 b\u0259rpa ed\u0259c\u0259yik. Bizim irad\u0259miz d\u0259 var, imkanlar\u0131m\u0131z da var\u201d<\/em><\/strong>.<\/p>\n<p style=\"text-align: justify;\">H\u0259rbi meydanda d\u00f6y\u00fc\u015f bits\u0259 d\u0259, informasiya m\u00fcharib\u0259si tam g\u00fcc\u00fc il\u0259 davam edir. M\u00fcharib\u0259 t\u0259kc\u0259 d\u00f6y\u00fc\u015f meydan\u0131nda getm\u0259di, diplomatik sah\u0259d\u0259 d\u0259, beyn\u0259lxalq K\u0130V-l\u0259rd\u0259 d\u0259, h\u0259tta sosial \u015f\u0259b\u0259k\u0259l\u0259rd\u0259 d\u0259 davam etdi. Az\u0259rbaycan diplomatiyas\u0131 m\u00fcbariz\u0259d\u0259n aln\u0131a\u00e7\u0131q \u00e7\u0131xd\u0131. D\u00fcnyan\u0131n \u0259n n\u00fcfuzlu K\u0130V-l\u0259rind\u0259 dem\u0259k olar ki, h\u0259r g\u00fcn Az\u0259rbaycanla ba\u011fl\u0131 m\u0259lumatlar yay\u0131lma\u011fa ba\u015flad\u0131. Prezident \u0130lham \u018fliyev m\u00fcxt\u0259lif xarici m\u0259tbu orqanlara 30-a yax\u0131n m\u00fcsahib\u0259 verdi v\u0259 Az\u0259rbaycan\u0131n haql\u0131 m\u00f6vqeyini \u0259n y\u00fcks\u0259k s\u0259viyy\u0259d\u0259 qorudu.<\/p>\n<p style=\"text-align: justify;\">\u00c7\u00fcnki haz\u0131rda \u00f6lk\u0259l\u0259rin t\u0259hl\u00fck\u0259sizliyi t\u0259kc\u0259 silahl\u0131 q\u00fcvv\u0259l\u0259rd\u0259n deyil, el\u0259c\u0259 d\u0259 informasiya vasit\u0259l\u0259rinin pe\u015f\u0259karl\u0131\u011f\u0131ndan, xarici v\u0259 daxili t\u0259hl\u00fck\u0259l\u0259r\u0259 qar\u015f\u0131 operativ cavab verm\u0259k bacar\u0131\u011f\u0131ndan, milli informasiya m\u0259kan\u0131n\u0131 qorumaq v\u0259 beyn\u0259lxalq r\u0259qab\u0259tl\u0259 ayaqla\u015fmaq potensial\u0131ndan birba\u015fa as\u0131l\u0131d\u0131r. Ordular aras\u0131ndak\u0131 ittifaq n\u0259 q\u0259d\u0259r vacibdirs\u0259, informasiya m\u00fcharib\u0259sini aparma\u011fa qadir olan media g\u00fccl\u0259rinin d\u0259 bir araya g\u0259tirilm\u0259si bir o q\u0259d\u0259r \u0259h\u0259miyy\u0259tlidir.<\/p>\n<p style=\"text-align: justify;\">Bu bax\u0131mdan \u201cAz\u0259rbaycan v\u0259 T\u00fcrkiy\u0259 respublikalar\u0131 aras\u0131nda media sah\u0259sind\u0259 strateji \u0259m\u0259kda\u015fl\u0131q haqq\u0131nda\u201d Anla\u015fma Memorandumu v\u0259 onun \u0259h\u0259miyy\u0259ti b\u00f6y\u00fckd\u00fcr. Az\u0259rbaycan Parlamentind\u0259 t\u0259sdiql\u0259n\u0259n raz\u0131la\u015fma akt\u0131 tarixi \u0259h\u0259miyy\u0259t k\u0259sb edir. \u201cAz\u0259rbaycan v\u0259 T\u00fcrkiy\u0259 respublikalar\u0131 aras\u0131nda media sah\u0259sind\u0259 strateji \u0259m\u0259kda\u015fl\u0131q haqq\u0131nda\u201d Anla\u015fma Memorandumu 2020-ci il dekabr\u0131n 10-da iki d\u00f6vl\u0259t r\u0259hb\u0259rl\u0259ri Prezident \u0130lham \u018fliyev v\u0259 Prezident R\u0259c\u0259b Tayyib \u018frdo\u011fan\u0131n i\u015ftirak\u0131 il\u0259 Bak\u0131 \u015f\u0259h\u0259rind\u0259 ke\u00e7iril\u0259n b\u00f6y\u00fck H\u0259rbi Z\u0259f\u0259r parad\u0131ndan sonra r\u0259smi n\u00fcmay\u0259nd\u0259 hey\u0259tl\u0259ri aras\u0131nda ke\u00e7iril\u0259n g\u00f6r\u00fc\u015f zaman\u0131 imzalan\u0131b. S\u0259n\u0259d iki \u00f6lk\u0259nin media sah\u0259sind\u0259 \u0259laq\u0259l\u0259rini inki\u015faf etdirm\u0259k v\u0259 onu yeni h\u0259d\u0259fl\u0259r\u0259 \u00e7atd\u0131rmaq ideyas\u0131na xidm\u0259t edir. Bu m\u0259qs\u0259dl\u0259 yarad\u0131lan Birg\u0259 Media Platformas\u0131 Az\u0259rbaycan-T\u00fcrkiy\u0259 ikit\u0259r\u0259fli \u0259laq\u0259l\u0259rini g\u00fccl\u0259ndirm\u0259kl\u0259 strateji media ortaql\u0131\u011f\u0131n\u0131n qurulmas\u0131n\u0131 n\u0259z\u0259rd\u0259 tutur. Q\u0131sa deyils\u0259, media \u0259laq\u0259l\u0259ri \u00fc\u00e7\u00fcn sa\u011flam infrastrukturun yarad\u0131lmas\u0131, m\u0259lumat, bilik, t\u0259cr\u00fcb\u0259 v\u0259 m\u0259nb\u0259l\u0259r m\u00fcbadil\u0259si, iki \u00f6lk\u0259nin media sah\u0259sind\u0259 \u00e7al\u0131\u015fan r\u0259smi qurumlar\u0131n\u0131n birg\u0259 ara\u015fd\u0131rmalar h\u0259yata ke\u00e7irm\u0259si \u0259sas f\u0259aliyy\u0259t istiqam\u0259tl\u0259ri kimi n\u0259z\u0259rd\u0259 tutulub. T\u0259lim v\u0259 m\u00fcbadil\u0259 proqramlar\u0131n\u0131n t\u0259\u015fkil olunmas\u0131, el\u0259c\u0259 d\u0259 fikir liderl\u0259ri aras\u0131nda rabit\u0259 k\u00f6rp\u00fcs\u00fcn\u00fcn qurulmas\u0131 da \u0259m\u0259kda\u015fl\u0131\u011f\u0131n m\u00fcdd\u0259alar\u0131 s\u0131ras\u0131ndad\u0131r.<\/p>\n<p style=\"text-align: justify;\">Raz\u0131la\u015fman\u0131n m\u00fcdd\u0259alar\u0131 s\u0131ras\u0131nda dezinformasiyalara qar\u015f\u0131 birg\u0259 m\u00fcbariz\u0259nin m\u00f6vcudlu\u011fu da T\u00fcrkiy\u0259 il\u0259 Az\u0259rbaycana qar\u015f\u0131 informasiya sava\u015f\u0131 aparanlar\u0131n eyni olmas\u0131 il\u0259 ba\u011fl\u0131d\u0131r. Yaln\u0131z birg\u0259 dir\u0259ni\u015fl\u0259 onlara qalib g\u0259lm\u0259k m\u00fcmk\u00fcnd\u00fcr.<\/p>\n<p style=\"text-align: justify;\">Q\u0259l\u0259b\u0259l\u0259r &#8211; onlara g\u00f6r\u0259 ya\u015fanan q\u00fcrur<strong><em> v\u0259 sevinc, bayram t\u0259qviml\u0259ri il\u0259 yana\u015f\u0131, h\u0259m d\u0259 milli yadda\u015fa yaz\u0131lmas\u0131, g\u0259l\u0259c\u0259k n\u0259sill\u0259r\u0259 \u00f6t\u00fcr\u00fclm\u0259si, \u0259b\u0259dil\u0259\u015fdirilm\u0259si \u00fc\u00e7\u00fcn laz\u0131md\u0131r. Bu istiqam\u0259td\u0259 g\u00f6r\u00fcl\u0259c\u0259k i\u015fl\u0259r B\u00f6y\u00fck Qay\u0131d\u0131\u015f v\u0259 B\u00f6y\u00fck Quruculuq q\u0259d\u0259r vacibdir. \u018fks t\u0259qdird\u0259 q\u0259l\u0259b\u0259l\u0259rin mahiyy\u0259ti d\u0259rk edilm\u0259mi\u015f qal\u0131r. <\/em><\/strong><\/p>\n<p style=\"text-align: justify;\">D\u00f6vl\u0259t\u00e7iliyimizin yeni &#8211; Z\u0259f\u0259r m\u0259rh\u0259l\u0259sin\u0259 ke\u00e7id ald\u0131\u011f\u0131na d\u0259lal\u0259t ed\u0259n, V\u0259t\u0259n m\u00fcharib\u0259sinin \u0259b\u0259dil\u0259\u015fdirilm\u0259sin\u0259 xidm\u0259t ed\u0259n H\u0259rbi Q\u0259nim\u0259tl\u0259r park\u0131n\u0131n a\u00e7\u0131lmas\u0131 bu bax\u0131mdan t\u0259qdir\u0259layiq hadis\u0259dir. <strong>H\u0259rbi Q\u0259nim\u0259tl\u0259r park\u0131 t\u0259kc\u0259 da\u011f\u0131d\u0131c\u0131 silahlar\u0131n, bir vaxtlar ke\u00e7ilm\u0259z say\u0131lan istehkamlar\u0131n deyil, ilk n\u00f6vb\u0259d\u0259 torpa\u011f\u0131n \u00fcst\u00fcnd\u0259 ya\u015famaq haqq\u0131n\u0131n olmad\u0131\u011f\u0131 s\u00fcbuta yetiril\u0259n \u201cerm\u0259ni\u00e7iliyin\u201d, beyinl\u0259rind\u0259 mif d\u00fcnyas\u0131n\u0131 quran v\u0259 orada ya\u015fayan erm\u0259ni ideologiyas\u0131n\u0131n portretidir.<\/strong> Ora ziyar\u0259t\u0259 g\u0259l\u0259n milyonlarla az\u0259rbaycanl\u0131 \u00fc\u00e7\u00fcn d\u00fc\u015fm\u0259n ordusunun h\u0259qiqi simas\u0131n\u0131n yeni ad\u0131 \u201c8 noyabr\u201d prospektidir. Tam 30 il m\u00fcdd\u0259tind\u0259 Qaraba\u011f v\u0259 \u0259traf \u0259razil\u0259r \u00f6z\u00fc boyda q\u0259nim\u0259tl\u0259r park\u0131 olub, lakin sonda d\u00fc\u015fm\u0259n o \u0259razil\u0259ri \u00f6z\u00fc \u00fc\u00e7\u00fcn m\u0259zarl\u0131\u011fa \u00e7evirdi.<\/p>\n<p style=\"text-align: justify;\">M\u00fcst\u0259qil Az\u0259rbaycan d\u00f6vl\u0259ti son 100 illik tarixind\u0259, o c\u00fcml\u0259d\u0259n ke\u00e7mi\u015f sovet \u00f6lk\u0259l\u0259ri i\u00e7\u0259risind\u0259 ilk d\u0259f\u0259 qalibiyy\u0259t v\u0259 q\u0259nim\u0259t meydan\u0131na sahib olan bir ne\u00e7\u0259 \u00f6lk\u0259d\u0259n biridir. H\u0259rbi q\u0259nim\u0259tl\u0259r park\u0131 olan London, Vyana, Paris is\u0259 100-200 il \u0259vv\u0259lki tarixin irsini da\u015f\u0131y\u0131r.<\/p>\n<p style=\"text-align: justify;\">Fa\u015fizm \u00fcz\u0259rind\u0259 q\u0259l\u0259b\u0259d\u0259 oldu\u011fu kimi XXI \u0259srd\u0259 erm\u0259ni \u0259sg\u0259ri texnikasi il\u0259 birg\u0259 t\u0259slim oldu. \u00dcmid ed\u0259k ki, erm\u0259nil\u0259rin i\u00e7ind\u0259 d\u0259 alman xalq\u0131 kimi fa\u015fizmd\u0259n qurtulma\u011f\u0131, ke\u00e7mi\u015fi d\u00fczg\u00fcn qiym\u0259tl\u0259ndirm\u0259yi bacaran, art\u0131q demoqrafik meydanda onlar\u0131n bir xalq kimi sonlu\u011funu g\u0259tir\u0259n \u201cerm\u0259ni\u00e7ilikd\u0259n\u201d xilas olmaq bar\u0259d\u0259 d\u00fc\u015f\u00fcn\u0259nl\u0259r olacaq.<\/p>\n<p style=\"text-align: justify;\">Z\u0259f\u0259r salnam\u0259sinin ba\u015flad\u0131\u011f\u0131 g\u00fcnd\u0259n bizi yar\u0131m il\u0259 yax\u0131n vaxt ay\u0131r\u0131r. Bir t\u0259r\u0259fd\u0259n, Az\u0259rbaycan xalq\u0131n\u0131n h\u0259rb tarixind\u0259 qazan\u0131lan tarixi nailiyy\u0259tl\u0259rinin n\u0259 q\u0259d\u0259r \u0259z\u0259m\u0259tli oldu\u011funu g\u00f6r\u00fcr\u00fck. Dig\u0259r t\u0259r\u0259fd\u0259n, q\u0259l\u0259b\u0259mizd\u0259n q\u0131sqancl\u0131q, qisas\u00e7\u0131l\u0131q da, qalib \u00f6lk\u0259miz\u0259 h\u00fccumlar da sistemli v\u0259 planl\u0131 xarakter da\u015f\u0131y\u0131r. Qeyd edildiyi kimi, h\u0259rb meydan\u0131nda bizi m\u0259\u011flub ed\u0259 bilm\u0259y\u0259nl\u0259r, \u00f6lk\u0259mizi, x\u00fcsusil\u0259 ictimai \u015f\u00fcuru 26 sentyabr 2020-ci il vaxt\u0131na qaytarma\u011fa c\u0259hd edir, siyasi, ictimai, diplomatik v\u0259 informasiya m\u0259kan\u0131nda u\u011furlar\u0131m\u0131z\u0131, tarixi u\u011furlar\u0131m\u0131z\u0131 t\u0259hrif etm\u0259y\u0259 \u00e7al\u0131\u015f\u0131rlar. M\u0259hz bu bax\u0131mdan <strong>q\u0259l\u0259b\u0259mizin milli yadda\u015fa k\u00f6\u00e7\u00fcr\u00fclm\u0259si y\u00f6n\u00fcnd\u0259 taley\u00fckl\u00fc m\u0259s\u0259l\u0259l\u0259r h\u0259llini g\u00f6zl\u0259yir. Bu, torpaqlar\u0131m\u0131z\u0131n azad olunmas\u0131 q\u0259d\u0259r vacib olan v\u0259zif\u0259dir. \u00c7\u00fcnki tarixi d\u00fcn\u0259nini d\u00fczg\u00fcn \u00f6yr\u0259nm\u0259k mifologiyalardan v\u0259 il\u011f\u0131mlardan azad olaraq, daha ger\u00e7\u0259k milli h\u0259d\u0259fl\u0259r v\u0259 g\u0259l\u0259c\u0259k u\u011frunda m\u00fcbariz\u0259 aparmaq dem\u0259kdir. <\/strong>S\u00f6z\u00fcged\u0259n sah\u0259 t\u0259dqiqat\u00e7\u0131 v\u0259 ziyal\u0131lar\u0131n, aliml\u0259rin, s\u0259n\u0259t adamlar\u0131n\u0131n, b\u00fct\u00fcn v\u0259t\u0259nsev\u0259rl\u0259rin f\u0259dakar birliyini g\u00f6zl\u0259yir.<\/p>\n<p style=\"text-align: justify;\">\n","protected":false},"excerpt":{"rendered":"<p>Zahid ORUC Sosial T\u0259dqiqatlar M\u0259rk\u0259zi \u0130dar\u0259 Hey\u0259tinin s\u0259dri, mill\u0259t v\u0259kili Bak\u0131, Az\u0259rbaycan B\u00d6Y\u00dcK Q\u018fL\u018fB\u018f. M\u00fcst\u0259qil Az\u0259rbaycan \u00f6z milli d\u00f6vl\u0259t quruculu\u011fu tarixinin miqyas v\u0259 d\u0259rinliyi bax\u0131m\u0131ndan g\u00f6r\u00fcnm\u0259mi\u015f, ilk d\u0259f\u0259 ba\u015f ver\u0259n z\u0259f\u0259r m\u0259rh\u0259l\u0259sini ya\u015fay\u0131r. Prezident \u0130lham \u018fliyevin Ali Ba\u015f Komandanl\u0131q f\u0259aliyy\u0259ti XXI \u0259srin 44 g\u00fcn davam ed\u0259n \u0259n m\u00fcasir, h\u0259rbi-texnoloji m\u00fcharib\u0259sind\u0259 \u00e7\u0259tin v\u0259 \u015f\u0259r\u0259fli s\u0131naqdan qalibiyy\u0259tl\u0259 [&hellip;]<\/p>\n","protected":false},"author":3,"featured_media":443,"comment_status":"closed","ping_status":"open","sticky":false,"template":"","format":"standard","meta":{"footnotes":""},"categories":[1],"tags":[],"class_list":["post-450","post","type-post","status-publish","format-standard","has-post-thumbnail","hentry","category-cild-1--1"],"_links":{"self":[{"href":"https:\/\/socialresearchjournal.az\/index.php\/wp-json\/wp\/v2\/posts\/450","targetHints":{"allow":["GET"]}}],"collection":[{"href":"https:\/\/socialresearchjournal.az\/index.php\/wp-json\/wp\/v2\/posts"}],"about":[{"href":"https:\/\/socialresearchjournal.az\/index.php\/wp-json\/wp\/v2\/types\/post"}],"author":[{"embeddable":true,"href":"https:\/\/socialresearchjournal.az\/index.php\/wp-json\/wp\/v2\/users\/3"}],"replies":[{"embeddable":true,"href":"https:\/\/socialresearchjournal.az\/index.php\/wp-json\/wp\/v2\/comments?post=450"}],"version-history":[{"count":12,"href":"https:\/\/socialresearchjournal.az\/index.php\/wp-json\/wp\/v2\/posts\/450\/revisions"}],"predecessor-version":[{"id":587,"href":"https:\/\/socialresearchjournal.az\/index.php\/wp-json\/wp\/v2\/posts\/450\/revisions\/587"}],"wp:featuredmedia":[{"embeddable":true,"href":"https:\/\/socialresearchjournal.az\/index.php\/wp-json\/wp\/v2\/media\/443"}],"wp:attachment":[{"href":"https:\/\/socialresearchjournal.az\/index.php\/wp-json\/wp\/v2\/media?parent=450"}],"wp:term":[{"taxonomy":"category","embeddable":true,"href":"https:\/\/socialresearchjournal.az\/index.php\/wp-json\/wp\/v2\/categories?post=450"},{"taxonomy":"post_tag","embeddable":true,"href":"https:\/\/socialresearchjournal.az\/index.php\/wp-json\/wp\/v2\/tags?post=450"}],"curies":[{"name":"wp","href":"https:\/\/api.w.org\/{rel}","templated":true}]}}